{"id":2189,"date":"2024-05-05T06:00:00","date_gmt":"2024-05-05T09:00:00","guid":{"rendered":"https:\/\/legiaodemaria.org.br\/?p=2189"},"modified":"2024-08-18T14:23:38","modified_gmt":"2024-08-18T17:23:38","slug":"allocutio-abril-de-2024","status":"publish","type":"post","link":"https:\/\/legiaodemaria.org.br\/index.php\/2024\/05\/05\/allocutio-abril-de-2024\/","title":{"rendered":"Allocutio abril de 2024"},"content":{"rendered":"\n<p class=\"has-medium-font-size wp-block-paragraph\"><strong>Rainha do C\u00e9u, Aleluia!<\/strong><br><strong>Pe. Paul Churchill, Diretor Espiritual do Concilium<\/strong><\/p>\n\n\n\n<p class=\"has-medium-font-size wp-block-paragraph\">Durante a P\u00e1scoa, o&nbsp;<em>Angelus<\/em>&nbsp;\u00e9 substitu\u00eddo pelo&nbsp;<em>Regina Coeli<\/em>. Esta ora\u00e7\u00e3o \u00e9 intrigante e vale uma reflex\u00e3o.<\/p>\n\n\n\n<p class=\"has-medium-font-size wp-block-paragraph\">Permanece nela uma refer\u00eancia, embora impl\u00edcita, \u00e0 Anuncia\u00e7\u00e3o e \u00e0 Encarna\u00e7\u00e3o indicada pelas palavras, \u201cPor Aquele que foste digna de carregar\u201d. Mas depois disso a ora\u00e7\u00e3o \u00e9 verdadeiramente intrigante.<\/p>\n\n\n\n<p class=\"has-medium-font-size wp-block-paragraph\">Por que a Igreja diz a Maria: \u201cRainha do C\u00e9u, alegra-te, porque aquele que foste digna de gerar, ressuscitou como ele disse. Alegra-te e alegra-te porque o Senhor ressuscitou verdadeiramente\u201d? Parece que estamos a dar-lhe a certeza da Ressurrei\u00e7\u00e3o do seu Filho. Certamente ela sabia. Ela deve saber!<\/p>\n\n\n\n<p class=\"has-medium-font-size wp-block-paragraph\">E essa era a vis\u00e3o mantida, por exemplo, por v\u00e1rios santos como Santo In\u00e1cio de Loyola. Certamente a primeira pessoa a quem Cristo teria ido foi sua m\u00e3e, para dizer a ela: &#8220;M\u00e3e, est\u00e1 tudo bem. Estou vivo e bem!&#8221;<\/p>\n\n\n\n<p class=\"has-medium-font-size wp-block-paragraph\">Mas o problema est\u00e1 nos relatos do Evangelho. Se ela tivesse recebido uma visita dele primeiro, certamente ela teria contado a Jo\u00e3o, j\u00e1 que ele havia sido confiado aos cuidados dela como seu filho na Cruz? Mas Jo\u00e3o n\u00e3o relata tal assunto. Dado seu relato do que aconteceu em Can\u00e1 e relatou aquelas palavras de Cristo da Cruz, certamente ele teria inclu\u00eddo isso se tivesse acontecido?<\/p>\n\n\n\n<p class=\"has-medium-font-size wp-block-paragraph\">Al\u00e9m disso, os Evangelhos s\u00e3o claros ao dizer que as primeiras testemunhas do Senhor Ressuscitado foram outras mulheres, a principal delas Maria Madalena. O Evangelho de S\u00e3o Jo\u00e3o e o de S\u00e3o Marcos s\u00e3o claros ao dizer que Maria Madalena foi a primeira a quem ele apareceu. E recentemente o Papa Francisco elevou o dia de sua festa ao n\u00edvel de uma Festa, chamando-a de Ap\u00f3stola dos Ap\u00f3stolos.<\/p>\n\n\n\n<p class=\"has-medium-font-size wp-block-paragraph\">Sabemos de suas apari\u00e7\u00f5es ao casal na estrada para Ema\u00fas, que ele ent\u00e3o apareceu a Pedro e depois aos onze. E de acordo com Paulo, ele apareceu a outros 500 antes de eventualmente se revelar a Paulo na estrada para Damasco (1Cor 15,3-8). Mas em nenhum texto \u00e9 dito sem ambiguidade que ele apareceu a Maria. Na verdade, n\u00e3o h\u00e1 refer\u00eancia a ela em nenhum Evangelho ap\u00f3s a men\u00e7\u00e3o dela aos p\u00e9s da Cruz. A \u00fanica outra refer\u00eancia expl\u00edcita a ela no per\u00edodo p\u00f3s-Ressurrei\u00e7\u00e3o \u00e9 quando ela \u00e9 mencionada orando com os ap\u00f3stolos no Cen\u00e1culo depois que Jesus ascendeu ao C\u00e9u. Lucas, que tomou tanto cuidado com sua pesquisa, a teria deixado de fora das apari\u00e7\u00f5es da Ressurrei\u00e7\u00e3o?<\/p>\n\n\n\n<p class=\"has-medium-font-size wp-block-paragraph\">Ent\u00e3o o que est\u00e1 acontecendo? Pode ser que Mary tenha sido t\u00e3o subestimada que todos deixaram de dizer o que era t\u00e3o \u00f3bvio. N\u00f3s, humanos, n\u00e3o tendemos a n\u00e3o declarar o \u00f3bvio?<\/p>\n\n\n\n<p class=\"has-medium-font-size wp-block-paragraph\">Mas h\u00e1 outras considera\u00e7\u00f5es. Por exemplo, se Jesus tivesse aparecido a Nossa Senhora primeiro ou mesmo em qualquer est\u00e1gio, sua evid\u00eancia poderia ter sido considerada preconceituosa. M\u00e3es e seus filhos! Sempre defendendo e apoiando seus pr\u00f3prios filhos, mesmo quando eles s\u00e3o canalhas. Ou qualquer evid\u00eancia que ela deu poderia ter sido considerada um triste sinal de como sua mente havia sido perturbada pelo sofrimento que ela testemunhou nele? M\u00e3es nunca s\u00e3o as melhores testemunhas para seus filhos.<\/p>\n\n\n\n<p class=\"has-medium-font-size wp-block-paragraph\">Ent\u00e3o talvez a dispensa\u00e7\u00e3o divina tenha optado por n\u00e3o deix\u00e1-la ser uma testemunha de suas apari\u00e7\u00f5es f\u00edsicas de ressurrei\u00e7\u00e3o, optando, em vez disso, pela gl\u00f3ria de sua Assun\u00e7\u00e3o? Mas eu sugiro outra estrat\u00e9gia para os arranjos divinos.<\/p>\n\n\n\n<p class=\"has-medium-font-size wp-block-paragraph\">S\u00e3o Lucas narra cuidadosamente as palavras de Isabel a Maria: &#8220;Bem-aventurada aquela que acreditou que a promessa feita a ela pelo Senhor seria cumprida&#8221;. E ent\u00e3o conecte isso \u00e0s palavras relatadas de Nosso Senhor a Tom\u00e9 uma semana ap\u00f3s a Ressurrei\u00e7\u00e3o: &#8220;Bem-aventurados os que n\u00e3o viram e ainda assim creram!&#8221; Talvez no plano divino Nossa Senhora esteja sendo apresentada como nossa l\u00edder na F\u00e9? De fato, talvez sua f\u00e9 seja t\u00e3o forte que ela n\u00e3o precise testemunhar seu filho ressuscitado? Madalena precisava disso, os fracos Ap\u00f3stolos precisavam disso, mas n\u00e3o Nossa Senhora, pois sua f\u00e9 era de qualidade de diamante?<\/p>\n\n\n\n<p class=\"has-medium-font-size wp-block-paragraph\">De fato, o Papa (S\u00e3o) Jo\u00e3o Paulo, citando o recente Conc\u00edlio Vaticano, disse: \u201cA obedi\u00eancia da F\u00e9 deve ser dada a Deus que revela, uma obedi\u00eancia pela qual o homem confia todo o seu ser livremente a Deus\u201d. E ent\u00e3o este grande Papa diz: \u201cEsta descri\u00e7\u00e3o da f\u00e9 encontrou perfeita realiza\u00e7\u00e3o em Maria\u201d (<em>Redemptoris Mater 13<\/em>). E ele acrescentar\u00e1: \u201cQu\u00e3o grande, qu\u00e3o her\u00f3ica \u00e9 ent\u00e3o a obedi\u00eancia da f\u00e9 mostrada por Maria diante dos julgamentos inescrut\u00e1veis \u200b\u200bde Deus\u2026 Pela f\u00e9, a M\u00e3e compartilha a morte de seu Filho, em sua morte redentora; mas em contraste com a f\u00e9 dos disc\u00edpulos que fugiram, a dela era muito mais iluminada\u201d (ibid. n.18)<\/p>\n\n\n\n<p class=\"has-medium-font-size wp-block-paragraph\">N\u00e3o tenho d\u00favidas de que S\u00e3o Jo\u00e3o, depois que ele, com Pedro, encontrou o t\u00famulo vazio, teria ido rapidamente at\u00e9 Maria para contar a ela suas boas novas. Nas palavras do Regina Coeli, quase posso ouvir a explos\u00e3o de Jo\u00e3o para ela. \u201cMaria, seu Filho ressuscitou como ele disse. Alegre-se. Aleluia!\u201d Ao que posso ouvi-la responder: \u201cEu sei. Eu sempre soube!\u201d Ele encontrou aquela f\u00e9 nela que em Can\u00e1 j\u00e1 sabia o que Ele faria, apesar de sua aparente rejei\u00e7\u00e3o, com aquelas palavras: \u201cMinha hora ainda n\u00e3o chegou\u201d (Jo 2,4). Maria j\u00e1 sabia por que sua f\u00e9 era a maior de todas.<\/p>\n\n\n\n<p class=\"has-medium-font-size wp-block-paragraph\">Estou dizendo absolutamente que Nosso Senhor nunca lhe apareceu nos dias e semanas ap\u00f3s sua Ressurrei\u00e7\u00e3o? N\u00e3o. Isso seria ir longe demais. Mas o que o Novo Testamento quer enfatizar \u00e9 que Maria \u00e9 a l\u00edder suprema na f\u00e9.<\/p>\n\n\n\n<p class=\"has-medium-font-size wp-block-paragraph\">Ent\u00e3o, vamos orar, \u201cMaria, nossa Rainha, bendita \u00e9s tu que acreditaste. Obt\u00e9m para todos n\u00f3s uma f\u00e9, firme e inabal\u00e1vel como uma rocha que ser\u00e1 nosso pilar de luz atrav\u00e9s deste vale de l\u00e1grimas. Am\u00e9m.\u201d<\/p>\n","protected":false},"excerpt":{"rendered":"<p>Rainha do C\u00e9u, Aleluia!Pe. Paul Churchill, Diretor Espiritual do Concilium Durante a P\u00e1scoa, o&nbsp;Angelus&nbsp;\u00e9 substitu\u00eddo pelo&nbsp;Regina Coeli. Esta ora\u00e7\u00e3o \u00e9 [&#8230;]<\/p>\n","protected":false},"author":3,"featured_media":0,"comment_status":"open","ping_status":"open","sticky":false,"template":"","format":"standard","meta":{"_crdt_document":"","_jetpack_memberships_contains_paid_content":false,"footnotes":"","jetpack_publicize_message":"","jetpack_publicize_feature_enabled":true,"jetpack_social_post_already_shared":false,"jetpack_social_options":{"image_generator_settings":{"template":"highway","enabled":false},"version":2}},"categories":[3],"tags":[],"class_list":["post-2189","post","type-post","status-publish","format-standard","hentry","category-senatus"],"jetpack_publicize_connections":[],"jetpack_featured_media_url":"","jetpack-related-posts":[{"id":2066,"url":"https:\/\/legiaodemaria.org.br\/index.php\/2023\/04\/09\/papa-com-cristo-renasce-a-esperanca-apressemo-nos-a-superar-divisoes-e-conflitos\/","url_meta":{"origin":2189,"position":0},"title":"Papa: Com Cristo renasce a esperan\u00e7a! Apressemo-nos a superar divis\u00f5es e conflitos","author":"Alex Silva","date":"abril 9, 2023","format":false,"excerpt":"https:\/\/www.youtube.com\/embed\/vmZKefncafc As palavras de Francisco aos fi\u00e9is: \"Sim, temos a certeza: verdadeiramente Cristo ressuscitou. Acreditamos em V\u00f3s, Senhor Jesus, acreditamos que convosco renasce a esperan\u00e7a, o caminho continua. V\u00f3s, Senhor da vida, encorajai os nossos caminhos e repeti, tamb\u00e9m a n\u00f3s, como aos disc\u00edpulos na noite de P\u00e1scoa: \u2018A paz\u2026","rel":"","context":"Em &quot;Not\u00edcias&quot;","block_context":{"text":"Not\u00edcias","link":"https:\/\/legiaodemaria.org.br\/index.php\/category\/noticias\/"},"img":{"alt_text":"","src":"https:\/\/i0.wp.com\/legiaodemaria.org.br\/wp-content\/uploads\/2023\/04\/cq5dam.thumbnail.cropped.750.422.jpeg?fit=750%2C422&ssl=1&resize=350%2C200","width":350,"height":200,"srcset":"https:\/\/i0.wp.com\/legiaodemaria.org.br\/wp-content\/uploads\/2023\/04\/cq5dam.thumbnail.cropped.750.422.jpeg?fit=750%2C422&ssl=1&resize=350%2C200 1x, https:\/\/i0.wp.com\/legiaodemaria.org.br\/wp-content\/uploads\/2023\/04\/cq5dam.thumbnail.cropped.750.422.jpeg?fit=750%2C422&ssl=1&resize=525%2C300 1.5x, https:\/\/i0.wp.com\/legiaodemaria.org.br\/wp-content\/uploads\/2023\/04\/cq5dam.thumbnail.cropped.750.422.jpeg?fit=750%2C422&ssl=1&resize=700%2C400 2x"},"classes":[]},{"id":2305,"url":"https:\/\/legiaodemaria.org.br\/index.php\/2025\/05\/25\/allocutio-abril-2025\/","url_meta":{"origin":2189,"position":1},"title":"Allocutio Abril 2025","author":"Alex Silva","date":"maio 25, 2025","format":false,"excerpt":"Nosso Caminho de Ema\u00fas \u2013 ladeados por Jesus e Maria glorificados Pe. Paul Churchill Diretor Espiritual do Concilium O julgamento r\u00e1pido e injusto de Nosso Senhor, seguido de sua execu\u00e7\u00e3o brutal, chocou seus seguidores. O cora\u00e7\u00e3o de sua M\u00e3e foi de fato transpassado. Seus apoiadores tiveram suas esperan\u00e7as destru\u00eddas. Seus\u2026","rel":"","context":"Em &quot;Allocutio&quot;","block_context":{"text":"Allocutio","link":"https:\/\/legiaodemaria.org.br\/index.php\/category\/artigos\/allocutio\/"},"img":{"alt_text":"","src":"","width":0,"height":0},"classes":[]},{"id":245,"url":"https:\/\/legiaodemaria.org.br\/index.php\/2016\/01\/15\/allocutio-reuniao-do-senatus-rj-janeiro-2016\/","url_meta":{"origin":2189,"position":2},"title":"Allocutio &#8211; Reuni\u00e3o do Senatus-RJ (Janeiro\/2016)","author":"Alex Silva","date":"janeiro 15, 2016","format":false,"excerpt":"Hoje celebramos a Solenidade da Epifania do Senhor. N\u00f3s estamos vivendo esse tempo do Natal at\u00e9 o pr\u00f3ximo domingo onde celebramos o Batismo do Senhor. A palavra Epifania ouvimos todos os anos na Missa e significa manifesta\u00e7\u00e3o. Historicamente, existiam duas formas de celebrar o Natal: uma no Ocidente no dia\u2026","rel":"","context":"Em &quot;Allocutio&quot;","block_context":{"text":"Allocutio","link":"https:\/\/legiaodemaria.org.br\/index.php\/category\/artigos\/allocutio\/"},"img":{"alt_text":"","src":"","width":0,"height":0},"classes":[]},{"id":2037,"url":"https:\/\/legiaodemaria.org.br\/index.php\/2022\/12\/10\/preparando-nosso-natal\/","url_meta":{"origin":2189,"position":3},"title":"PREPARANDO NOSSO NATAL","author":"Alex Silva","date":"dezembro 10, 2022","format":false,"excerpt":"Na terceira semana do Advento, \u00e9-nos apresentada por Jesus a figura asc\u00e9tica de Jo\u00e3o Batista, como profeta da prepara\u00e7\u00e3o. Jesus diz aos seus disc\u00edpulos:O que fostes ver no deserto? Um cani\u00e7o agitado pelo vento? O que fostes ver? Um homem vestido com roupas finas? Mas os que vestem roupas finas\u2026","rel":"","context":"Em &quot;Artigos&quot;","block_context":{"text":"Artigos","link":"https:\/\/legiaodemaria.org.br\/index.php\/category\/artigos\/"},"img":{"alt_text":"","src":"https:\/\/i0.wp.com\/legiaodemaria.org.br\/wp-content\/uploads\/2022\/12\/3o-D.-Adv.-Ano-A.jpeg?fit=750%2C422&ssl=1&resize=350%2C200","width":350,"height":200,"srcset":"https:\/\/i0.wp.com\/legiaodemaria.org.br\/wp-content\/uploads\/2022\/12\/3o-D.-Adv.-Ano-A.jpeg?fit=750%2C422&ssl=1&resize=350%2C200 1x, https:\/\/i0.wp.com\/legiaodemaria.org.br\/wp-content\/uploads\/2022\/12\/3o-D.-Adv.-Ano-A.jpeg?fit=750%2C422&ssl=1&resize=525%2C300 1.5x, https:\/\/i0.wp.com\/legiaodemaria.org.br\/wp-content\/uploads\/2022\/12\/3o-D.-Adv.-Ano-A.jpeg?fit=750%2C422&ssl=1&resize=700%2C400 2x"},"classes":[]},{"id":1945,"url":"https:\/\/legiaodemaria.org.br\/index.php\/2022\/11\/27\/allocutio-boletim-concilium-outubro-2022\/","url_meta":{"origin":2189,"position":4},"title":"Allocutio \u2013 Boletim Concilium (Outubro\/2022)","author":"Alex Silva","date":"novembro 27, 2022","format":false,"excerpt":"O Ros\u00e1rio Este m\u00eas nos d\u00e1 muitos motivos para voltar a refletir sobre Nossa Senhora. O dia da festa de S\u00e3o Lucas nos lembra o evangelista que relatou muito sobre sua hist\u00f3ria. H\u00e1 poucos dias tivemos o 105\u00ba Anivers\u00e1rio do milagre de F\u00e1tima. Mas penso que, acima de tudo, \u00e9\u2026","rel":"","context":"Em &quot;Allocutio&quot;","block_context":{"text":"Allocutio","link":"https:\/\/legiaodemaria.org.br\/index.php\/category\/artigos\/allocutio\/"},"img":{"alt_text":"","src":"","width":0,"height":0},"classes":[]},{"id":503,"url":"https:\/\/legiaodemaria.org.br\/index.php\/2015\/06\/07\/romaria-da-legiao-de-maria-domingo-de-alegria-e-oracao\/","url_meta":{"origin":2189,"position":5},"title":"Romaria da Legi\u00e3o de Maria &#8211; Domingo de Alegria e Ora\u00e7\u00e3o","author":"Alex Silva","date":"junho 7, 2015","format":false,"excerpt":"Foi realizado no domingo (07\/06) o segundo dia do Encontro da Legi\u00e3o de Maria no Santu\u00e1rio Nacional de Aparecida em S\u00e3o Paulo, onde compareceram cerca de 12 mil legion\u00e1rios vindos de todo o Brasil. Ao som do hino da Legi\u00e3o de Maria, aos poucos a igreja foi ficando repleta de\u2026","rel":"","context":"Em &quot;Not\u00edcias&quot;","block_context":{"text":"Not\u00edcias","link":"https:\/\/legiaodemaria.org.br\/index.php\/category\/noticias\/"},"img":{"alt_text":"","src":"","width":0,"height":0},"classes":[]}],"jetpack_sharing_enabled":true,"jetpack_shortlink":"https:\/\/wp.me\/pehtMR-zj","_links":{"self":[{"href":"https:\/\/legiaodemaria.org.br\/index.php\/wp-json\/wp\/v2\/posts\/2189","targetHints":{"allow":["GET"]}}],"collection":[{"href":"https:\/\/legiaodemaria.org.br\/index.php\/wp-json\/wp\/v2\/posts"}],"about":[{"href":"https:\/\/legiaodemaria.org.br\/index.php\/wp-json\/wp\/v2\/types\/post"}],"author":[{"embeddable":true,"href":"https:\/\/legiaodemaria.org.br\/index.php\/wp-json\/wp\/v2\/users\/3"}],"replies":[{"embeddable":true,"href":"https:\/\/legiaodemaria.org.br\/index.php\/wp-json\/wp\/v2\/comments?post=2189"}],"version-history":[{"count":2,"href":"https:\/\/legiaodemaria.org.br\/index.php\/wp-json\/wp\/v2\/posts\/2189\/revisions"}],"predecessor-version":[{"id":2212,"href":"https:\/\/legiaodemaria.org.br\/index.php\/wp-json\/wp\/v2\/posts\/2189\/revisions\/2212"}],"wp:attachment":[{"href":"https:\/\/legiaodemaria.org.br\/index.php\/wp-json\/wp\/v2\/media?parent=2189"}],"wp:term":[{"taxonomy":"category","embeddable":true,"href":"https:\/\/legiaodemaria.org.br\/index.php\/wp-json\/wp\/v2\/categories?post=2189"},{"taxonomy":"post_tag","embeddable":true,"href":"https:\/\/legiaodemaria.org.br\/index.php\/wp-json\/wp\/v2\/tags?post=2189"}],"curies":[{"name":"wp","href":"https:\/\/api.w.org\/{rel}","templated":true}]}}