{"id":2174,"date":"2024-02-04T06:00:00","date_gmt":"2024-02-04T09:00:00","guid":{"rendered":"https:\/\/legiaodemaria.org.br\/?p=2174"},"modified":"2025-08-09T11:36:54","modified_gmt":"2025-08-09T14:36:54","slug":"allocutio-de-janeiro-de-2024","status":"publish","type":"post","link":"https:\/\/legiaodemaria.org.br\/index.php\/2024\/02\/04\/allocutio-de-janeiro-de-2024\/","title":{"rendered":"Allocutio janeiro de 2024"},"content":{"rendered":"\r\n<p class=\"wp-block-paragraph\"><strong>S\u00e3o Paulo<\/strong><br \/>P. Eamon Devlin CM<\/p>\r\n\r\n\r\n\r\n<p class=\"has-medium-font-size wp-block-paragraph\">A festa da Convers\u00e3o de S\u00e3o Paulo, que se realiza na quinta-feira, \u00e9 uma das convers\u00f5es mais significativas da hist\u00f3ria do cristianismo. Saulo, perseguidor personificado da Igreja primitiva, torna-se Paulo, pregador por excel\u00eancia da f\u00e9 e ap\u00f3stolo dos gentios. Ele \u00e9 um dos patronos da Legi\u00e3o, e por boas raz\u00f5es.<\/p>\r\n\r\n\r\n\r\n<p class=\"has-medium-font-size wp-block-paragraph\">A experi\u00eancia de Paulo em Damasco com Cristo ressuscitado, que lhe pergunta: &#8220;Por que me persegues?&#8221; revela-lhe o mist\u00e9rio da Igreja como Corpo M\u00edstico de Cristo \u2013 um mist\u00e9rio que Paulo se esfor\u00e7ou muito para elaborar e proclamar. \u00c9 o mist\u00e9rio subjacente \u00e0 compreens\u00e3o da Legi\u00e3o sobre si mesma e sua miss\u00e3o: todos t\u00eam um lugar em Cristo, todos t\u00eam a responsabilidade de fazer algo sobre esse lugar. A Legi\u00e3o tem um lugar e uma obra para todos \u2013 N\u00e3o h\u00e1 menor ou maior no esfor\u00e7o de tornar Cristo presente no mundo para aqueles que n\u00e3o O conheceram ou que n\u00e3o permaneceram com Ele. Cada c\u00e9lula da Legi\u00e3o, desde o menor praesidium at\u00e9 o pr\u00f3prio Concilium, \u00e9 uma manifesta\u00e7\u00e3o do Corpo M\u00edstico de Cristo.<\/p>\r\n\r\n\r\n\r\n<p class=\"has-medium-font-size wp-block-paragraph\">Parte do legado de S\u00e3o Paulo para a Legi\u00e3o \u00e9 o sentimento de pertencimento, o estender a m\u00e3o para o outro. Cristo investe A outra parte \u00e9 seu incans\u00e1vel esfor\u00e7o apost\u00f3lico, que ele perseguiu com grande custo pessoal. Nossa compreens\u00e3o de n\u00f3s mesmos como Legion\u00e1rios de Maria nos obriga a ser nada menos do que pessoas que possuem o Esp\u00edrito de Maria &#8211; o Esp\u00edrito Santo, e se esfor\u00e7am em toda e qualquer oportunidade para tornar seu Filho conhecido e amado. Para alguns legion\u00e1rios, isso incluir\u00e1 o tipo de dificuldades que S\u00e3o Paulo suportou por terra e mar e em diferentes ambientes culturais. Para todos n\u00f3s, inclui a partilha das alegrias e tristezas do Corpo M\u00edstico de Cristo, seja atrav\u00e9s da ora\u00e7\u00e3o, do evangelismo ou mesmo de estar entre eles de qualquer uma das maneiras que a Legi\u00e3o torna poss\u00edvel atrav\u00e9s do PPC e dos Correspondentes.<\/p>\r\n\r\n\r\n\r\n<p class=\"has-medium-font-size wp-block-paragraph\">Ouvimos falar de dificuldades enfrentadas pelos crist\u00e3os em pa\u00edses como a Nicar\u00e1gua, hoje mencionada. No entanto, o trabalho continua. Na Irlanda existe agora um mart\u00edrio branco da f\u00e9. Enquanto refletimos sobre o hodierno dia da festa da Palavra de Deus, rezemos pela Unidade da Igreja. Como legion\u00e1rios, devemos saber quem somos e fazer algo para ser um membro do Corpo M\u00edstico de Cristo. A M\u00e3e de Jesus est\u00e1 ao nosso lado.<\/p>\r\n","protected":false},"excerpt":{"rendered":"<p>S\u00e3o PauloP. Eamon Devlin CM A festa da Convers\u00e3o de S\u00e3o Paulo, que se realiza na quinta-feira, \u00e9 uma das [&#8230;]<\/p>\n","protected":false},"author":3,"featured_media":0,"comment_status":"open","ping_status":"open","sticky":false,"template":"","format":"standard","meta":{"_crdt_document":"","_jetpack_memberships_contains_paid_content":false,"footnotes":"","jetpack_publicize_message":"","jetpack_publicize_feature_enabled":true,"jetpack_social_post_already_shared":false,"jetpack_social_options":{"image_generator_settings":{"template":"highway","enabled":false},"version":2}},"categories":[16],"tags":[],"class_list":["post-2174","post","type-post","status-publish","format-standard","hentry","category-allocutio"],"jetpack_publicize_connections":[],"jetpack_featured_media_url":"","jetpack-related-posts":[{"id":1945,"url":"https:\/\/legiaodemaria.org.br\/index.php\/2022\/11\/27\/allocutio-boletim-concilium-outubro-2022\/","url_meta":{"origin":2174,"position":0},"title":"Allocutio \u2013 Boletim Concilium (Outubro\/2022)","author":"Alex Silva","date":"novembro 27, 2022","format":false,"excerpt":"O Ros\u00e1rio Este m\u00eas nos d\u00e1 muitos motivos para voltar a refletir sobre Nossa Senhora. O dia da festa de S\u00e3o Lucas nos lembra o evangelista que relatou muito sobre sua hist\u00f3ria. H\u00e1 poucos dias tivemos o 105\u00ba Anivers\u00e1rio do milagre de F\u00e1tima. Mas penso que, acima de tudo, \u00e9\u2026","rel":"","context":"Em &quot;Allocutio&quot;","block_context":{"text":"Allocutio","link":"https:\/\/legiaodemaria.org.br\/index.php\/category\/artigos\/allocutio\/"},"img":{"alt_text":"","src":"","width":0,"height":0},"classes":[]},{"id":56,"url":"https:\/\/legiaodemaria.org.br\/index.php\/2014\/09\/07\/frank-duff\/","url_meta":{"origin":2174,"position":1},"title":"Frank Duff","author":"Alex Silva","date":"setembro 7, 2014","format":false,"excerpt":"Ora\u00e7\u00e3o pela Beatifica\u00e7\u00e3o de Frank Duff Deus Pai, V\u00f3s inspirastes ao vosso servo Frank Duff, um profundo discernimento do mist\u00e9rio de vossa Igreja, Corpo de Cristo, e do lugar de Maria, M\u00e3e de Jesus, nesse mist\u00e9rio. Em seu imenso desejo de compartilhar esse discernimento com outros e, com filial confian\u00e7a\u2026","rel":"","context":"Em &quot;Sinais de Santidades&quot;","block_context":{"text":"Sinais de Santidades","link":"https:\/\/legiaodemaria.org.br\/index.php\/category\/sinais-de-santidade\/"},"img":{"alt_text":"","src":"https:\/\/i0.wp.com\/legiaodemaria.org.br\/wp-content\/uploads\/2022\/09\/92942b_36cec45e849f43f5ba4904570cb2de8b.webp?fit=204%2C267&ssl=1&resize=350%2C200","width":350,"height":200},"classes":[]},{"id":2292,"url":"https:\/\/legiaodemaria.org.br\/index.php\/2025\/03\/03\/allocutio-janeiro-2025\/","url_meta":{"origin":2174,"position":2},"title":"Allocutio janeiro 2025","author":"Alex Silva","date":"mar\u00e7o 3, 2025","format":false,"excerpt":"Por Fr. Bernardo Denardo\u00a0 Na vig\u00edlia de Natal iniciamos o Ano Jubilar. Para comemorar 2025 anos do nascimento de Cristo, a Igreja sendo o \"sacramento universal da salva\u00e7\u00e3o\" (Ad Gentes 1) para o mundo, quer mostrar mais uma vez a miseric\u00f3rdia de Deus com esta efus\u00e3o de gra\u00e7a especial durante\u2026","rel":"","context":"Em &quot;Allocutio&quot;","block_context":{"text":"Allocutio","link":"https:\/\/legiaodemaria.org.br\/index.php\/category\/artigos\/allocutio\/"},"img":{"alt_text":"","src":"","width":0,"height":0},"classes":[]},{"id":506,"url":"https:\/\/legiaodemaria.org.br\/index.php\/2015\/06\/15\/allocutio-boletim-concilium-junho-2015\/","url_meta":{"origin":2174,"position":3},"title":"Allocutio &#8211; Boletim Concilium [ Junho &#8211; 2015 ]","author":"Alex Silva","date":"junho 15, 2015","format":false,"excerpt":"Ao ler a Carta do Papa Francisco, \u201cA Face da Miseric\u00f3rdia\u201d, anunciando o Jubileu Extraordin\u00e1rio da Miseric\u00f3rdia que se estender\u00e1 de 8 de dezembro de 2015, Festa da Imaculada Concei\u00e7\u00e3o, a 20 de novembro de 2016, Festa de Cristo Rei, fiquei convencido de que esta Carta \u00e9 de imensa import\u00e2ncia\u2026","rel":"","context":"Em &quot;Allocutio&quot;","block_context":{"text":"Allocutio","link":"https:\/\/legiaodemaria.org.br\/index.php\/category\/artigos\/allocutio\/"},"img":{"alt_text":"","src":"","width":0,"height":0},"classes":[]},{"id":252,"url":"https:\/\/legiaodemaria.org.br\/index.php\/2016\/02\/14\/allocutio-boletim-concilium-fevereiro-2016\/","url_meta":{"origin":2174,"position":4},"title":"Allocutio &#8211; Boletim Concilium (Fevereiro\/2016)","author":"Alex Silva","date":"fevereiro 14, 2016","format":false,"excerpt":"QUARESMA: BATISMO E A VERDADEIRA DEVO\u00c7\u00c3O \u00c0 MARIA - Boletim n\u00b0 1085 A Igreja, inspirada nos ensinamentos do pr\u00f3prio Jesus, manda que celebremos a Quaresma com esp\u00edrito de alegria: \u201cQuando jejuardes, n\u00e3o tomais um ar triste, como os hip\u00f3critas, que mostram um semblante abatido, para manifestar aos homens que jejuam.\u2026","rel":"","context":"Em &quot;Allocutio&quot;","block_context":{"text":"Allocutio","link":"https:\/\/legiaodemaria.org.br\/index.php\/category\/artigos\/allocutio\/"},"img":{"alt_text":"","src":"","width":0,"height":0},"classes":[]},{"id":23,"url":"https:\/\/legiaodemaria.org.br\/index.php\/2014\/03\/11\/o-que-e-a-legiao-de-maria\/","url_meta":{"origin":2174,"position":5},"title":"O que \u00e9 Legi\u00e3o de Maria","author":"Alex Silva","date":"mar\u00e7o 11, 2014","format":false,"excerpt":"\u201cSois um movimento de leigos em que vos propondes a fazer da f\u00e9 a aspira\u00e7\u00e3o da vossa vida, para conseguirdes a santidade pessoal. V\u00f3s pretendeis\u00a0\u00a0 servir a cada pessoa, imagem de Cristo, com o esp\u00edrito e a solicitude de Maria.\u201d Papa Jo\u00e3o Paulo II Os legion\u00e1rios realizam trabalhos espirituais e\u2026","rel":"","context":"Em &quot;Legi\u00e3o de Maria&quot;","block_context":{"text":"Legi\u00e3o de Maria","link":"https:\/\/legiaodemaria.org.br\/index.php\/category\/quem-somos\/"},"img":{"alt_text":"","src":"https:\/\/i0.wp.com\/legiaodemaria.org.br\/wp-content\/uploads\/2022\/09\/92942b_e521675168284bfbb0ed865773c06d28.webp?resize=350%2C200&ssl=1","width":350,"height":200},"classes":[]}],"jetpack_sharing_enabled":true,"jetpack_shortlink":"https:\/\/wp.me\/pehtMR-z4","_links":{"self":[{"href":"https:\/\/legiaodemaria.org.br\/index.php\/wp-json\/wp\/v2\/posts\/2174","targetHints":{"allow":["GET"]}}],"collection":[{"href":"https:\/\/legiaodemaria.org.br\/index.php\/wp-json\/wp\/v2\/posts"}],"about":[{"href":"https:\/\/legiaodemaria.org.br\/index.php\/wp-json\/wp\/v2\/types\/post"}],"author":[{"embeddable":true,"href":"https:\/\/legiaodemaria.org.br\/index.php\/wp-json\/wp\/v2\/users\/3"}],"replies":[{"embeddable":true,"href":"https:\/\/legiaodemaria.org.br\/index.php\/wp-json\/wp\/v2\/comments?post=2174"}],"version-history":[{"count":4,"href":"https:\/\/legiaodemaria.org.br\/index.php\/wp-json\/wp\/v2\/posts\/2174\/revisions"}],"predecessor-version":[{"id":2264,"href":"https:\/\/legiaodemaria.org.br\/index.php\/wp-json\/wp\/v2\/posts\/2174\/revisions\/2264"}],"wp:attachment":[{"href":"https:\/\/legiaodemaria.org.br\/index.php\/wp-json\/wp\/v2\/media?parent=2174"}],"wp:term":[{"taxonomy":"category","embeddable":true,"href":"https:\/\/legiaodemaria.org.br\/index.php\/wp-json\/wp\/v2\/categories?post=2174"},{"taxonomy":"post_tag","embeddable":true,"href":"https:\/\/legiaodemaria.org.br\/index.php\/wp-json\/wp\/v2\/tags?post=2174"}],"curies":[{"name":"wp","href":"https:\/\/api.w.org\/{rel}","templated":true}]}}