{"id":2120,"date":"2023-09-14T11:44:21","date_gmt":"2023-09-14T14:44:21","guid":{"rendered":"https:\/\/legiaodemaria.org.br\/?p=2120"},"modified":"2024-01-23T11:58:50","modified_gmt":"2024-01-23T14:58:50","slug":"julho-2023","status":"publish","type":"post","link":"https:\/\/legiaodemaria.org.br\/index.php\/2023\/09\/14\/julho-2023\/","title":{"rendered":"Allocutio &#8211; Julho 2023"},"content":{"rendered":"\n<p class=\"wp-block-paragraph\"><strong>Pe. Paul Chuchill<\/strong><strong><\/strong><\/p>\n\n\n\n<p class=\"wp-block-paragraph\"><strong>ALLOCUTIO<\/strong><strong><\/strong><\/p>\n\n\n\n<p class=\"wp-block-paragraph\"><strong><u>DIRETOR ESPIRITUAL DO CONCILIUM<\/u><\/strong><\/p>\n\n\n\n<p class=\"has-text-align-justify wp-block-paragraph\">Hoje, dia 16 de julho, \u00e9 a festa de Nossa Senhora do Carmo. Trata-se, evidentemente, em primeiro lugar, de uma festa Carmelita. A ordem come\u00e7ou com alguns cruzados estabelecendo um abrigo no Monte Carmelo, a montanha associada com o grande profeta Elias, que tinha sido impregnado de um zelo fervoroso pelo seu Deus. A Ordem foi aprovada no Conc\u00edlio de Lyon, em 1274.<\/p>\n\n\n\n<p class=\"has-text-align-justify wp-block-paragraph\">Vamos voltar a Elias. A hist\u00f3ria de Elias foi e ainda \u00e9 inspiradora. Durante seus dias, o cora\u00e7\u00e3o do povo de Israel come\u00e7ou a afastar-se de Deus e de seus mandamentos sob as press\u00f5es de influ\u00eancias externas. O rei, Ahab, casou com uma mulher de uma cultura vizinha, que trouxe consigo no\u00e7\u00f5es pag\u00e3s dos deuses ou baals, e das suas pr\u00e1ticas. Esta mistura com uma tend\u00eancia da sociedade em seguir as influ\u00eancias exteriores, fez com que, lentamente, a pureza da f\u00e9 de Israel fosse sendo desvirtuada. Cultos \u00e0 fertilidade esta\u00advam entrando em moda, e uma licenciosidade em quest\u00f5es sexuais veio com eles. Foi neste cen\u00e1rio cultural que o profeta Elias falou corajosamente, desafiando o rei, a sua mulher e toda Israel.<\/p>\n\n\n\n<p class=\"has-text-align-justify wp-block-paragraph\">Uma ocasi\u00e3o, quando Elias procurava fugir, escondeu-se em uma gruta. Ele ent\u00e3o encontrou Deus passando pela gruta, n\u00e3o numa tempestade ou terramoto ou fogo, mas em uma suave brisa, e Deus lhe perguntou: &#8220;Que fazes aqui, Elias? E ele respondeu: &#8220;Tenho sido muito cuidadoso com o Senhor, o Deus dos ex\u00e9rcitos, porque o povo de Israel tem abandonado a tua alian\u00e7a, derrubado os teus altares e matado os teus profetas \u00e0 espada; e eu, apenas eu, fiquei, e eles procuram a minha vida para destru\u00ed-la!&#8221; (1Rs 19,9-14).<\/p>\n\n\n\n<p class=\"has-text-align-justify wp-block-paragraph\">Jesus, em suas palavras, associou claramente Jo\u00e3o Batista com Elias, por causa do esp\u00edrito que ele tinha. Pode at\u00e9 se dizer que ao pr\u00f3prio Jesus, porque tamb\u00e9m ele se levantou e enfrentou uma distor\u00e7\u00e3o da f\u00e9, porque foi zeloso por Deus, como demonstrou, quando disse &#8220;A minha carne \u00e9 fazer a vontade daquele que me enviou!&#8221;,<\/p>\n\n\n\n<p class=\"has-text-align-justify wp-block-paragraph\">quando limpou o Templo, e, depois pagou com a sua vida na Cruz, pois que ele foi o supremo Elias. E, inspirados por tudo isto, as primeiras carmelitas do Monte Carmelo adotaram o lema de Elias: &#8220;Com zelo, tive ci\u00fames pelo Senhor dos ex\u00e9rcitos&#8221;.<\/p>\n\n\n\n<p class=\"has-text-align-justify wp-block-paragraph\">Mas quem foi mais zeloso por Deus entre as criaturas, sen\u00e3o aquela que abriu todo o seu ser a Ele, e permaneceu fiel at\u00e9 ao p\u00e9 da Cruz? Assim, a Ordem dos Carmelitas adotou sempre Nossa Senhora como sua padroeira, mais do que Elias. Nossa Senhora apareceu a uma delas e deu-lhes a miss\u00e3o do Escapul\u00e1rio Castanho. E os legi\u00adon\u00e1rios devem promover o Escapul\u00e1rio Castanho, um dos grandes Sacramentais da prote\u00e7\u00e3o de Maria.<\/p>\n\n\n\n<p class=\"has-text-align-justify wp-block-paragraph\">Isto me parece ainda mais importante em um per\u00edodo da hist\u00f3ria, em que o meio cultural em que vivemos parece t\u00e3o semelhante ao tempo de Elias. Muitas sociedades, outrora crist\u00e3s, foram atra\u00eddas por atra\u00e7\u00f5es e valores mundanos, enquanto um esp\u00edrito hedonista em torno da sexualidade e das rela\u00e7\u00f5es humanas \u00e9 promovido nos meios de comunica\u00e7\u00e3o social, na Internet, e com a ajuda dos celulares. E ouvimos, tamb\u00e9m, vozes sugerindo, que a Igreja deveria mudar o seu sistema de valores para permitir uma gama mais alargada de comportamento e do exerc\u00edcio de relacionamento sexual.<\/p>\n\n\n\n<p class=\"has-text-align-justify wp-block-paragraph\">Voltemo-nos para ela que viveu uma vida pura, e continuemos a pedir-lhe ajuda e cada gra\u00e7a que ela possa conquistar para n\u00f3s, de modo a abra\u00e7armos os caminhos saud\u00e1veis e provados da Igreja. Possa o Esp\u00edrito Santo, por ela conquistar para n\u00f3s, a nos ajudar a encontrar caminhos para melhor compreens\u00e3o das nossas verdades, e a comunica\u00e7\u00e3o mais eficaz do que \u00e9 verdadeiramente bom, e nos auxiliar com grande zelo e com valentia, a defender os caminhos salutares de Deus, constru\u00eddos na natureza. E precisamos rezar tamb\u00e9m na batalha com as tenta\u00e7\u00f5es, algumas vezes atiradas \u00e0 nossa face por meio da m\u00eddia moderna. Que a Igreja seja protegida desta cultura moderna e permane\u00e7a firme com os valores que subsistem, n\u00e3o dando oportunidade ao dem\u00f4nio de fazer o caminho mais dif\u00edcil para a fragilidade humana. E, quando rezarmos, recorramos especialmente a Maria, a mais pura das virgens, e a seu esposo, S\u00e3o Jos\u00e9, seu cast\u00edssimo esposo, pedindo o amparo da sua poderosa intercess\u00e3o.<\/p>\n\n\n\n<p class=\"has-text-align-justify wp-block-paragraph\">Oh Maria, pela vossa Concei\u00e7\u00e3o pura e imaculada, tornai os nossos corpos puros e as nossas almas santas. Oh Maria concebida sem pecado, rogai por n\u00f3s que recorremos a v\u00f3s.<\/p>\n","protected":false},"excerpt":{"rendered":"<p>Pe. Paul Chuchill ALLOCUTIO DIRETOR ESPIRITUAL DO CONCILIUM Hoje, dia 16 de julho, \u00e9 a festa de Nossa Senhora do [&#8230;]<\/p>\n","protected":false},"author":3,"featured_media":0,"comment_status":"open","ping_status":"open","sticky":false,"template":"","format":"standard","meta":{"_crdt_document":"","_jetpack_memberships_contains_paid_content":false,"footnotes":"","jetpack_publicize_message":"","jetpack_publicize_feature_enabled":true,"jetpack_social_post_already_shared":false,"jetpack_social_options":{"image_generator_settings":{"template":"highway","default_image_id":0,"font":"","enabled":false},"version":2}},"categories":[16,9],"tags":[],"class_list":["post-2120","post","type-post","status-publish","format-standard","hentry","category-allocutio","category-artigos"],"jetpack_publicize_connections":[],"jetpack_featured_media_url":"","jetpack-related-posts":[{"id":249,"url":"https:\/\/legiaodemaria.org.br\/index.php\/2016\/02\/13\/allocutio-reuniao-do-senatus-rj-fevereiro-2016\/","url_meta":{"origin":2120,"position":0},"title":"Allocutio &#8211; Reuni\u00e3o do Senatus-RJ (Fevereiro\/2016)","author":"Alex Silva","date":"fevereiro 13, 2016","format":false,"excerpt":"Estamos celebrando o tempo da Quaresma, um tempo de convers\u00e3o, a purifica\u00e7\u00e3o para a P\u00e1scoa. A Quaresma \u00e9 o tempo da prepara\u00e7\u00e3o. No Primeiro domingo da Quaresma \u00e9 a tenta\u00e7\u00e3o de Jesus no deserto. A Igreja vive esses 40 dias no deserto, com jejum e ora\u00e7\u00e3o. A primeira tenta\u00e7\u00e3o foi\u2026","rel":"","context":"Em &quot;Allocutio&quot;","block_context":{"text":"Allocutio","link":"https:\/\/legiaodemaria.org.br\/index.php\/category\/artigos\/allocutio\/"},"img":{"alt_text":"","src":"","width":0,"height":0},"classes":[]},{"id":390,"url":"https:\/\/legiaodemaria.org.br\/index.php\/2022\/09\/15\/allocutio-boletim-concilium-setembro-2022\/","url_meta":{"origin":2120,"position":1},"title":"Allocutio \u2013 Boletim Concilium (Setembro\/2022)","author":"Alex Silva","date":"setembro 15, 2022","format":false,"excerpt":"\u201cBasta ter f\u00e9\u201d (Mc 5:36)Estas s\u00e3o palavras desafiadoras tanto na ordem da natureza como da gra\u00e7a. Por exemplo, o Covid-19 mostrou como a natureza pode atrapalhar nossas obras e atrapalhar nosso caminho. Na ordem da gra\u00e7a, parecemos estar em um mundo que, em muitos lugares, se tornou imune \u00e0 realidade\u2026","rel":"","context":"Em &quot;Allocutio&quot;","block_context":{"text":"Allocutio","link":"https:\/\/legiaodemaria.org.br\/index.php\/category\/artigos\/allocutio\/"},"img":{"alt_text":"","src":"","width":0,"height":0},"classes":[]},{"id":2202,"url":"https:\/\/legiaodemaria.org.br\/index.php\/2024\/08\/04\/allocutio-julho-2024\/","url_meta":{"origin":2120,"position":2},"title":"Allocutio Julho 2024","author":"Alex Silva","date":"agosto 4, 2024","format":false,"excerpt":"Com a m\u00e3o na confian\u00e7a de Maria, a gra\u00e7a de Deus diante da sua fraquezaPe. Paul Churchill, Diretor Espiritual do Concilium \u201cSim\u00e3o, Sim\u00e3o, escuta, Satan\u00e1s reclamou de v\u00f3s para vos peneirar como trigo\u201d (Lc 22,31). \u00c9 de se admirar que Satan\u00e1s tenha atacado Sim\u00e3o Pedro? Aqui est\u00e1 o Ap\u00f3stolo que\u2026","rel":"","context":"Em &quot;Allocutio&quot;","block_context":{"text":"Allocutio","link":"https:\/\/legiaodemaria.org.br\/index.php\/category\/artigos\/allocutio\/"},"img":{"alt_text":"","src":"","width":0,"height":0},"classes":[]},{"id":2174,"url":"https:\/\/legiaodemaria.org.br\/index.php\/2024\/02\/04\/allocutio-de-janeiro-de-2024\/","url_meta":{"origin":2120,"position":3},"title":"Allocutio janeiro de 2024","author":"Alex Silva","date":"fevereiro 4, 2024","format":false,"excerpt":"S\u00e3o PauloP. Eamon Devlin CM A festa da Convers\u00e3o de S\u00e3o Paulo, que se realiza na quinta-feira, \u00e9 uma das convers\u00f5es mais significativas da hist\u00f3ria do cristianismo. Saulo, perseguidor personificado da Igreja primitiva, torna-se Paulo, pregador por excel\u00eancia da f\u00e9 e ap\u00f3stolo dos gentios. Ele \u00e9 um dos patronos da\u2026","rel":"","context":"Em &quot;Allocutio&quot;","block_context":{"text":"Allocutio","link":"https:\/\/legiaodemaria.org.br\/index.php\/category\/artigos\/allocutio\/"},"img":{"alt_text":"","src":"","width":0,"height":0},"classes":[]},{"id":506,"url":"https:\/\/legiaodemaria.org.br\/index.php\/2015\/06\/15\/allocutio-boletim-concilium-junho-2015\/","url_meta":{"origin":2120,"position":4},"title":"Allocutio &#8211; Boletim Concilium [ Junho &#8211; 2015 ]","author":"Alex Silva","date":"junho 15, 2015","format":false,"excerpt":"Ao ler a Carta do Papa Francisco, \u201cA Face da Miseric\u00f3rdia\u201d, anunciando o Jubileu Extraordin\u00e1rio da Miseric\u00f3rdia que se estender\u00e1 de 8 de dezembro de 2015, Festa da Imaculada Concei\u00e7\u00e3o, a 20 de novembro de 2016, Festa de Cristo Rei, fiquei convencido de que esta Carta \u00e9 de imensa import\u00e2ncia\u2026","rel":"","context":"Em &quot;Allocutio&quot;","block_context":{"text":"Allocutio","link":"https:\/\/legiaodemaria.org.br\/index.php\/category\/artigos\/allocutio\/"},"img":{"alt_text":"","src":"","width":0,"height":0},"classes":[]},{"id":239,"url":"https:\/\/legiaodemaria.org.br\/index.php\/2015\/12\/06\/allocutio-reuniao-do-senatus-dezembro-2015\/","url_meta":{"origin":2120,"position":5},"title":"Allocutio &#8211; Reuni\u00e3o do Senatus (Dezembro\/2015)","author":"Alex Silva","date":"dezembro 6, 2015","format":false,"excerpt":"Estamos vivendo um tempo muito especial, o tempo do advento, em que certamente todos est\u00e3o se preparando para a ceia de Natal, para dar presentes (ou pelo menos um cart\u00e3o) para o filho, para o neto, os amigos..., mas o importante \u00e9 celebrarmos um Natal diferente de todos os outros\u2026","rel":"","context":"Em &quot;Allocutio&quot;","block_context":{"text":"Allocutio","link":"https:\/\/legiaodemaria.org.br\/index.php\/category\/artigos\/allocutio\/"},"img":{"alt_text":"","src":"","width":0,"height":0},"classes":[]}],"jetpack_sharing_enabled":true,"jetpack_shortlink":"https:\/\/wp.me\/pehtMR-yc","_links":{"self":[{"href":"https:\/\/legiaodemaria.org.br\/index.php\/wp-json\/wp\/v2\/posts\/2120","targetHints":{"allow":["GET"]}}],"collection":[{"href":"https:\/\/legiaodemaria.org.br\/index.php\/wp-json\/wp\/v2\/posts"}],"about":[{"href":"https:\/\/legiaodemaria.org.br\/index.php\/wp-json\/wp\/v2\/types\/post"}],"author":[{"embeddable":true,"href":"https:\/\/legiaodemaria.org.br\/index.php\/wp-json\/wp\/v2\/users\/3"}],"replies":[{"embeddable":true,"href":"https:\/\/legiaodemaria.org.br\/index.php\/wp-json\/wp\/v2\/comments?post=2120"}],"version-history":[{"count":3,"href":"https:\/\/legiaodemaria.org.br\/index.php\/wp-json\/wp\/v2\/posts\/2120\/revisions"}],"predecessor-version":[{"id":2154,"href":"https:\/\/legiaodemaria.org.br\/index.php\/wp-json\/wp\/v2\/posts\/2120\/revisions\/2154"}],"wp:attachment":[{"href":"https:\/\/legiaodemaria.org.br\/index.php\/wp-json\/wp\/v2\/media?parent=2120"}],"wp:term":[{"taxonomy":"category","embeddable":true,"href":"https:\/\/legiaodemaria.org.br\/index.php\/wp-json\/wp\/v2\/categories?post=2120"},{"taxonomy":"post_tag","embeddable":true,"href":"https:\/\/legiaodemaria.org.br\/index.php\/wp-json\/wp\/v2\/tags?post=2120"}],"curies":[{"name":"wp","href":"https:\/\/api.w.org\/{rel}","templated":true}]}}