{"id":2105,"date":"2023-08-23T10:17:57","date_gmt":"2023-08-23T13:17:57","guid":{"rendered":"https:\/\/legiaodemaria.org.br\/?p=2105"},"modified":"2023-08-23T10:17:57","modified_gmt":"2023-08-23T13:17:57","slug":"programacao-do-dia-07-de-setembro-de-2023","status":"publish","type":"post","link":"https:\/\/legiaodemaria.org.br\/index.php\/2023\/08\/23\/programacao-do-dia-07-de-setembro-de-2023\/","title":{"rendered":"Programa\u00e7\u00e3o do dia 07 de setembro de 2023"},"content":{"rendered":"\n<figure class=\"wp-block-gallery has-nested-images columns-default is-cropped wp-block-gallery-1 is-layout-flex wp-block-gallery-is-layout-flex\">\n<figure class=\"wp-block-image size-large\"><img data-recalc-dims=\"1\" loading=\"lazy\" decoding=\"async\" width=\"800\" height=\"800\" data-id=\"2106\" src=\"https:\/\/i0.wp.com\/legiaodemaria.org.br\/wp-content\/uploads\/2023\/08\/WhatsApp-Image-2023-08-23-at-02.15.12.jpeg?resize=800%2C800&#038;ssl=1\" alt=\"\" class=\"wp-image-2106\" srcset=\"https:\/\/i0.wp.com\/legiaodemaria.org.br\/wp-content\/uploads\/2023\/08\/WhatsApp-Image-2023-08-23-at-02.15.12.jpeg?resize=1024%2C1024&amp;ssl=1 1024w, https:\/\/i0.wp.com\/legiaodemaria.org.br\/wp-content\/uploads\/2023\/08\/WhatsApp-Image-2023-08-23-at-02.15.12.jpeg?resize=300%2C300&amp;ssl=1 300w, https:\/\/i0.wp.com\/legiaodemaria.org.br\/wp-content\/uploads\/2023\/08\/WhatsApp-Image-2023-08-23-at-02.15.12.jpeg?resize=150%2C150&amp;ssl=1 150w, https:\/\/i0.wp.com\/legiaodemaria.org.br\/wp-content\/uploads\/2023\/08\/WhatsApp-Image-2023-08-23-at-02.15.12.jpeg?resize=768%2C768&amp;ssl=1 768w, https:\/\/i0.wp.com\/legiaodemaria.org.br\/wp-content\/uploads\/2023\/08\/WhatsApp-Image-2023-08-23-at-02.15.12.jpeg?resize=400%2C400&amp;ssl=1 400w, https:\/\/i0.wp.com\/legiaodemaria.org.br\/wp-content\/uploads\/2023\/08\/WhatsApp-Image-2023-08-23-at-02.15.12.jpeg?w=1080&amp;ssl=1 1080w\" sizes=\"auto, (max-width: 800px) 100vw, 800px\" \/><\/figure>\n<\/figure>\n","protected":false},"excerpt":{"rendered":"","protected":false},"author":3,"featured_media":0,"comment_status":"open","ping_status":"open","sticky":false,"template":"","format":"standard","meta":{"_crdt_document":"","_jetpack_memberships_contains_paid_content":false,"footnotes":"","jetpack_publicize_message":"","jetpack_publicize_feature_enabled":true,"jetpack_social_post_already_shared":false,"jetpack_social_options":{"image_generator_settings":{"template":"highway","default_image_id":0,"font":"","enabled":false},"version":2}},"categories":[14,8,3],"tags":[],"class_list":["post-2105","post","type-post","status-publish","format-standard","hentry","category-quem-somos","category-noticias","category-senatus"],"jetpack_publicize_connections":[],"jetpack_featured_media_url":"","jetpack-related-posts":[{"id":2072,"url":"https:\/\/legiaodemaria.org.br\/index.php\/2023\/08\/14\/missa-pelos-102-anos-de-fundacao-da-legiao-de-maria-no-mundo\/","url_meta":{"origin":2105,"position":0},"title":"Missa pelos 102 anos de Funda\u00e7\u00e3o da Legi\u00e3o de Maria no mundo.","author":"Alex Silva","date":"agosto 14, 2023","format":false,"excerpt":"PROGRAMA\u00c7\u00c3O DIA 07 DE SETEMBRO DE 2023. 08:30 - CONCENTRA\u00c7\u00c3O NA CATEDRAL DE S\u00c3O SEBASTI\u00c3O (Avenida Chile). 09:00 - Inic\u00edo do Ter\u00e7o - Ora\u00e7\u00f5es iniciais da Legi\u00e3o 10:00 - Missa presidida por Vossa Excel\u00eancia Reverend\u00edssima Dom Edson de Castro Homem, e concelebradas pelos sacerdotes presentes, Di\u00e1conos assistentes e convidados. 11:30-\u2026","rel":"","context":"Em &quot;Not\u00edcias&quot;","block_context":{"text":"Not\u00edcias","link":"https:\/\/legiaodemaria.org.br\/index.php\/category\/noticias\/"},"img":{"alt_text":"","src":"https:\/\/i0.wp.com\/legiaodemaria.org.br\/wp-content\/uploads\/2023\/08\/E_Legiao-de-Maria.jpg?fit=407%2C406&ssl=1&resize=350%2C200","width":350,"height":200},"classes":[]},{"id":995,"url":"https:\/\/legiaodemaria.org.br\/index.php\/2017\/06\/25\/congresso-da-legiao-de-maria-senatus-rio\/","url_meta":{"origin":2105,"position":1},"title":"Congresso da Legi\u00e3o de Maria &#8211; Senatus Rio","author":"Alex Silva","date":"junho 25, 2017","format":false,"excerpt":"O Senatus Rio se reunir\u00e1 com os oficiais dos Conselhos afiliados para esse dia de forma\u00e7\u00e3o e espiritualidade. TEMA: O papel da Legi\u00e3o de Maria no Ano Mariano Dia 22 de Julho de 2017, \u00e0s 07:30hLocal: Mitra Arquiepiscopal do Rio de JaneiroEndere\u00e7o: Rua Benjamim Constant, 23 - Gl\u00f3ria Programa\u00e7\u00e3o:1. 07:30\u2026","rel":"","context":"Em &quot;Not\u00edcias&quot;","block_context":{"text":"Not\u00edcias","link":"https:\/\/legiaodemaria.org.br\/index.php\/category\/noticias\/"},"img":{"alt_text":"","src":"https:\/\/i0.wp.com\/legiaodemaria.org.br\/wp-content\/uploads\/2022\/10\/Congresso-da-L-M-Senatus-Rio.webp?resize=350%2C200&ssl=1","width":350,"height":200,"srcset":"https:\/\/i0.wp.com\/legiaodemaria.org.br\/wp-content\/uploads\/2022\/10\/Congresso-da-L-M-Senatus-Rio.webp?resize=350%2C200&ssl=1 1x, https:\/\/i0.wp.com\/legiaodemaria.org.br\/wp-content\/uploads\/2022\/10\/Congresso-da-L-M-Senatus-Rio.webp?resize=525%2C300&ssl=1 1.5x, https:\/\/i0.wp.com\/legiaodemaria.org.br\/wp-content\/uploads\/2022\/10\/Congresso-da-L-M-Senatus-Rio.webp?resize=700%2C400&ssl=1 2x"},"classes":[]},{"id":2102,"url":"https:\/\/legiaodemaria.org.br\/index.php\/2023\/08\/23\/comunicado\/","url_meta":{"origin":2105,"position":2},"title":"Comunicado","author":"Alex Silva","date":"agosto 23, 2023","format":false,"excerpt":"","rel":"","context":"Em &quot;Legi\u00e3o de Maria&quot;","block_context":{"text":"Legi\u00e3o de Maria","link":"https:\/\/legiaodemaria.org.br\/index.php\/category\/quem-somos\/"},"img":{"alt_text":"","src":"https:\/\/i0.wp.com\/legiaodemaria.org.br\/wp-content\/uploads\/2023\/08\/WhatsApp-Image-2023-08-22-at-18.15.11.jpeg?resize=350%2C200&ssl=1","width":350,"height":200,"srcset":"https:\/\/i0.wp.com\/legiaodemaria.org.br\/wp-content\/uploads\/2023\/08\/WhatsApp-Image-2023-08-22-at-18.15.11.jpeg?resize=350%2C200&ssl=1 1x, https:\/\/i0.wp.com\/legiaodemaria.org.br\/wp-content\/uploads\/2023\/08\/WhatsApp-Image-2023-08-22-at-18.15.11.jpeg?resize=525%2C300&ssl=1 1.5x"},"classes":[]},{"id":1071,"url":"https:\/\/legiaodemaria.org.br\/index.php\/2018\/07\/05\/senatus-assumpta-do-rio-de-janeiro-tem-nova-diretoria\/","url_meta":{"origin":2105,"position":3},"title":"Senatus Assumpta do Rio de Janeiro tem nova diretoria","author":"Alex Silva","date":"julho 5, 2018","format":false,"excerpt":"Na reuni\u00e3o de oito de abril, foi escolhida a nova diretoria do Senatus Assumpta do Rio de Janeiro, para um mandato de tr\u00eas anos. At\u00e9 2021 o Senatus ter\u00e1 essa composi\u00e7\u00e3o de diretoria: Presidente: Matilde Lopes; Vice-Presidente: Luciane Justiniano; Primeira-Secret\u00e1ria: Ot\u00e1via Cunha; Segunda-Secret\u00e1ria: Z\u00e9lia Rainha; Primeiro-Tesoureiro: Jos\u00e9 Ant\u00f4nio; e a\u2026","rel":"","context":"Em &quot;Not\u00edcias&quot;","block_context":{"text":"Not\u00edcias","link":"https:\/\/legiaodemaria.org.br\/index.php\/category\/noticias\/"},"img":{"alt_text":"","src":"https:\/\/i0.wp.com\/legiaodemaria.org.br\/wp-content\/uploads\/2022\/11\/Diretoria2018.webp?resize=350%2C200&ssl=1","width":350,"height":200,"srcset":"https:\/\/i0.wp.com\/legiaodemaria.org.br\/wp-content\/uploads\/2022\/11\/Diretoria2018.webp?resize=350%2C200&ssl=1 1x, https:\/\/i0.wp.com\/legiaodemaria.org.br\/wp-content\/uploads\/2022\/11\/Diretoria2018.webp?resize=525%2C300&ssl=1 1.5x, https:\/\/i0.wp.com\/legiaodemaria.org.br\/wp-content\/uploads\/2022\/11\/Diretoria2018.webp?resize=700%2C400&ssl=1 2x, https:\/\/i0.wp.com\/legiaodemaria.org.br\/wp-content\/uploads\/2022\/11\/Diretoria2018.webp?resize=1050%2C600&ssl=1 3x, https:\/\/i0.wp.com\/legiaodemaria.org.br\/wp-content\/uploads\/2022\/11\/Diretoria2018.webp?resize=1400%2C800&ssl=1 4x"},"classes":[]},{"id":2159,"url":"https:\/\/legiaodemaria.org.br\/index.php\/2024\/05\/15\/romaria-da-legiao-de-maria-ao-santuario-nacional-da-aparecida-2024\/","url_meta":{"origin":2105,"position":4},"title":"Romaria da Legi\u00e3o de Maria ao Santu\u00e1rio Nacional da Aparecida 2024","author":"Alex Silva","date":"maio 15, 2024","format":false,"excerpt":"","rel":"","context":"Em &quot;Legi\u00e3o de Maria&quot;","block_context":{"text":"Legi\u00e3o de Maria","link":"https:\/\/legiaodemaria.org.br\/index.php\/category\/quem-somos\/"},"img":{"alt_text":"","src":"https:\/\/i0.wp.com\/legiaodemaria.org.br\/wp-content\/uploads\/2024\/05\/Aparecida-2024.jpeg?resize=350%2C200&ssl=1","width":350,"height":200,"srcset":"https:\/\/i0.wp.com\/legiaodemaria.org.br\/wp-content\/uploads\/2024\/05\/Aparecida-2024.jpeg?resize=350%2C200&ssl=1 1x, https:\/\/i0.wp.com\/legiaodemaria.org.br\/wp-content\/uploads\/2024\/05\/Aparecida-2024.jpeg?resize=525%2C300&ssl=1 1.5x, https:\/\/i0.wp.com\/legiaodemaria.org.br\/wp-content\/uploads\/2024\/05\/Aparecida-2024.jpeg?resize=700%2C400&ssl=1 2x, https:\/\/i0.wp.com\/legiaodemaria.org.br\/wp-content\/uploads\/2024\/05\/Aparecida-2024.jpeg?resize=1050%2C600&ssl=1 3x"},"classes":[]},{"id":503,"url":"https:\/\/legiaodemaria.org.br\/index.php\/2015\/06\/07\/romaria-da-legiao-de-maria-domingo-de-alegria-e-oracao\/","url_meta":{"origin":2105,"position":5},"title":"Romaria da Legi\u00e3o de Maria &#8211; Domingo de Alegria e Ora\u00e7\u00e3o","author":"Alex Silva","date":"junho 7, 2015","format":false,"excerpt":"Foi realizado no domingo (07\/06) o segundo dia do Encontro da Legi\u00e3o de Maria no Santu\u00e1rio Nacional de Aparecida em S\u00e3o Paulo, onde compareceram cerca de 12 mil legion\u00e1rios vindos de todo o Brasil. Ao som do hino da Legi\u00e3o de Maria, aos poucos a igreja foi ficando repleta de\u2026","rel":"","context":"Em &quot;Not\u00edcias&quot;","block_context":{"text":"Not\u00edcias","link":"https:\/\/legiaodemaria.org.br\/index.php\/category\/noticias\/"},"img":{"alt_text":"","src":"","width":0,"height":0},"classes":[]}],"jetpack_sharing_enabled":true,"jetpack_shortlink":"https:\/\/wp.me\/pehtMR-xX","_links":{"self":[{"href":"https:\/\/legiaodemaria.org.br\/index.php\/wp-json\/wp\/v2\/posts\/2105","targetHints":{"allow":["GET"]}}],"collection":[{"href":"https:\/\/legiaodemaria.org.br\/index.php\/wp-json\/wp\/v2\/posts"}],"about":[{"href":"https:\/\/legiaodemaria.org.br\/index.php\/wp-json\/wp\/v2\/types\/post"}],"author":[{"embeddable":true,"href":"https:\/\/legiaodemaria.org.br\/index.php\/wp-json\/wp\/v2\/users\/3"}],"replies":[{"embeddable":true,"href":"https:\/\/legiaodemaria.org.br\/index.php\/wp-json\/wp\/v2\/comments?post=2105"}],"version-history":[{"count":1,"href":"https:\/\/legiaodemaria.org.br\/index.php\/wp-json\/wp\/v2\/posts\/2105\/revisions"}],"predecessor-version":[{"id":2107,"href":"https:\/\/legiaodemaria.org.br\/index.php\/wp-json\/wp\/v2\/posts\/2105\/revisions\/2107"}],"wp:attachment":[{"href":"https:\/\/legiaodemaria.org.br\/index.php\/wp-json\/wp\/v2\/media?parent=2105"}],"wp:term":[{"taxonomy":"category","embeddable":true,"href":"https:\/\/legiaodemaria.org.br\/index.php\/wp-json\/wp\/v2\/categories?post=2105"},{"taxonomy":"post_tag","embeddable":true,"href":"https:\/\/legiaodemaria.org.br\/index.php\/wp-json\/wp\/v2\/tags?post=2105"}],"curies":[{"name":"wp","href":"https:\/\/api.w.org\/{rel}","templated":true}]}}