{"id":1856,"date":"2022-11-20T16:05:11","date_gmt":"2022-11-20T19:05:11","guid":{"rendered":"https:\/\/legiaodemaria.org.br\/?p=1856"},"modified":"2022-11-20T16:12:25","modified_gmt":"2022-11-20T19:12:25","slug":"curiosidade-da-legiao-de-maria","status":"publish","type":"post","link":"https:\/\/legiaodemaria.org.br\/index.php\/2022\/11\/20\/curiosidade-da-legiao-de-maria\/","title":{"rendered":"Curiosidade da Legi\u00e3o de Maria"},"content":{"rendered":"\n<p class=\"wp-block-paragraph\"><strong>1. O que \u00e9 Legi\u00e3o?<\/strong><br>\u00c9 uma associa\u00e7\u00e3o de leigos cat\u00f3licos, sob a prote\u00e7\u00e3o de Nossa Senhora e com aprova\u00e7\u00e3o da Igreja, que pela ora\u00e7\u00e3o e pelo trabalho ativo apost\u00f3lico, promove a santifica\u00e7\u00e3o de seus legion\u00e1rios. A Legi\u00e3o tem apenas em vista o bem espiritual e, portanto, n\u00e3o d\u00e1 aux\u00edlio material.<\/p>\n\n\n\n<p class=\"wp-block-paragraph\"><strong>2. Onde foi fundada?<\/strong><br>Na Irlanda em 1921 e se espalhou pelo mundo inteiro, chegando ao Brasil em 1951. O primeiro grupo foi formado no Rio de Janeiro, na Igreja Nossa Senhora de F\u00e1tima, na Rua do Riachuelo. Est\u00e1 em todo o Brasil, nos mais long\u00ednquos lugares, numa expans\u00e3o continuada. H\u00e1 legion\u00e1rios que v\u00e3o \u00e0 Amaz\u00f4nia para fundar Praesidia e voltam l\u00e1 para mant\u00ea-los unidos e com trabalhos corajosos.<\/p>\n\n\n\n<p class=\"wp-block-paragraph\"><strong>3. Quem pode ingressar na Legi\u00e3o?<\/strong><br>Todos os cat\u00f3licos praticantes que o desejarem, homens e mulheres, casados e solteiros, sem distin\u00e7\u00e3o de classe, profiss\u00e3o ou cultura e at\u00e9 jovens abaixo dos 18 anos.<\/p>\n\n\n\n<p class=\"wp-block-paragraph\"><strong>4. Como \u00e9 constitu\u00edda a Legi\u00e3o?<\/strong><br>De duas categorias: legion\u00e1rios ativos e legion\u00e1rios auxiliares.<\/p>\n\n\n\n<p class=\"wp-block-paragraph\"><strong>5. O que fazem os ativos?<\/strong><br>Comprometem-se a orar e a visitar, num trabalho ativo de apostolado espiritual, que \u00e9 orientado atrav\u00e9s de reuni\u00f5es semanais obrigat\u00f3rias. Como tamb\u00e9m a ler o manual, que orienta a vida legion\u00e1ria e mant\u00e9m os legion\u00e1rios ligados ao ideal para o qual a Legi\u00e3o foi criada. A Legi\u00e3o de Maria \u00e9, portanto, a vida do crist\u00e3o em ora\u00e7\u00e3o e a\u00e7\u00e3o.<\/p>\n\n\n\n<p class=\"wp-block-paragraph\"><strong>6. A quem os legion\u00e1rios ativos visitam?<\/strong><br>Fazem visitas domiciliares a todas as fam\u00edlias, sem distin\u00e7\u00e3o de credo, ra\u00e7a ou situa\u00e7\u00e3o social; e aos idosos, fam\u00edlias enlutadas, doentes e sempre que houver necessidade de uma palavra amiga e confortadora. Visita tamb\u00e9m hospitais, pres\u00eddios, orfanatos, asilos; dentro da \u00e1rea consignada \u00e0 Par\u00f3quia.<\/p>\n\n\n\n<p class=\"wp-block-paragraph\"><strong>7. E os legion\u00e1rios auxiliares o que fazem?<\/strong><br>As pessoas que n\u00e3o podem freq\u00fcentar as reuni\u00f5es, nem realizar o trabalho de apostolado legion\u00e1rio. Mas podem contribuir com suas ora\u00e7\u00f5es para a obra que Nossa Senhora faz, por interm\u00e9dio dos legion\u00e1rios ativos, isto \u00e9, ajudam os legion\u00e1rios ativos a serem bem sucedidos nas suas visitas.<\/p>\n\n\n\n<p class=\"wp-block-paragraph\"><strong>8. Quais s\u00e3o as ora\u00e7\u00f5es di\u00e1rias?<\/strong><br>\u00c9 recomendado reza do ter\u00e7o e da Tessera toda, tanto para ativos, como auxiliares.<\/p>\n\n\n\n<p class=\"wp-block-paragraph\"><strong>9. Os legion\u00e1rios s\u00e3o respons\u00e1veis pela salva\u00e7\u00e3o dos irm\u00e3os?<\/strong><br>Sim, deve-se trabalhar pela pr\u00f3pria santifica\u00e7\u00e3o e pela de todos os membros do corpo m\u00edstico de Cristo e \u00e9, com esta finalidade, que os legion\u00e1rios trabalham.<\/p>\n","protected":false},"excerpt":{"rendered":"<p>1. O que \u00e9 Legi\u00e3o?\u00c9 uma associa\u00e7\u00e3o de leigos cat\u00f3licos, sob a prote\u00e7\u00e3o de Nossa Senhora e com aprova\u00e7\u00e3o da [&#8230;]<\/p>\n","protected":false},"author":3,"featured_media":0,"comment_status":"open","ping_status":"open","sticky":false,"template":"","format":"standard","meta":{"_crdt_document":"","_jetpack_memberships_contains_paid_content":false,"footnotes":"","jetpack_publicize_message":"","jetpack_publicize_feature_enabled":true,"jetpack_social_post_already_shared":false,"jetpack_social_options":{"image_generator_settings":{"template":"highway","default_image_id":0,"font":"","enabled":false},"version":2}},"categories":[3],"tags":[],"class_list":["post-1856","post","type-post","status-publish","format-standard","hentry","category-senatus"],"jetpack_publicize_connections":[],"jetpack_featured_media_url":"","jetpack-related-posts":[{"id":142,"url":"https:\/\/legiaodemaria.org.br\/index.php\/2014\/03\/11\/legiao-de-maria-no-mundo\/","url_meta":{"origin":1856,"position":0},"title":"Legi\u00e3o de Maria no Mundo","author":"Alex Silva","date":"mar\u00e7o 11, 2014","format":false,"excerpt":"A Legi\u00e3o de Maria foi fundada em Dublin, na Irlanda, dia 07 de setembro de 1921, por Frank Duff. Homem de muita f\u00e9, ao participar da Sociedade de S\u00e3o Vicente de Paulo adquiriu grande sensibilidade \u00e0s necessidades dos pobres e desfavorecidos. Frank Duff percebeu que essas pessoas necessitam muito mais\u2026","rel":"","context":"Em &quot;Legi\u00e3o de Maria&quot;","block_context":{"text":"Legi\u00e3o de Maria","link":"https:\/\/legiaodemaria.org.br\/index.php\/category\/quem-somos\/"},"img":{"alt_text":"","src":"https:\/\/i0.wp.com\/legiaodemaria.org.br\/wp-content\/uploads\/2022\/09\/92942b_14d0c34d69db42faa7b260a05a713edb.webp?resize=350%2C200&ssl=1","width":350,"height":200},"classes":[]},{"id":503,"url":"https:\/\/legiaodemaria.org.br\/index.php\/2015\/06\/07\/romaria-da-legiao-de-maria-domingo-de-alegria-e-oracao\/","url_meta":{"origin":1856,"position":1},"title":"Romaria da Legi\u00e3o de Maria &#8211; Domingo de Alegria e Ora\u00e7\u00e3o","author":"Alex Silva","date":"junho 7, 2015","format":false,"excerpt":"Foi realizado no domingo (07\/06) o segundo dia do Encontro da Legi\u00e3o de Maria no Santu\u00e1rio Nacional de Aparecida em S\u00e3o Paulo, onde compareceram cerca de 12 mil legion\u00e1rios vindos de todo o Brasil. Ao som do hino da Legi\u00e3o de Maria, aos poucos a igreja foi ficando repleta de\u2026","rel":"","context":"Em &quot;Not\u00edcias&quot;","block_context":{"text":"Not\u00edcias","link":"https:\/\/legiaodemaria.org.br\/index.php\/category\/noticias\/"},"img":{"alt_text":"","src":"","width":0,"height":0},"classes":[]},{"id":151,"url":"https:\/\/legiaodemaria.org.br\/index.php\/2014\/03\/11\/legiao-de-maria-no-brasil\/","url_meta":{"origin":1856,"position":2},"title":"Legi\u00e3o de Maria no Brasil","author":"Alex Silva","date":"mar\u00e7o 11, 2014","format":false,"excerpt":"A hist\u00f3ria come\u00e7a na cidade do Rio de Janeiro , gra\u00e7as ao entusiasmo do irm\u00e3o leigo Jo\u00e3o Creff. A palavra entusiasmo \u00e9 de origem grega, significa \u201cem Deus\u201d, \u201cpela presen\u00e7a de Deus\", ela caracteriza com exatid\u00e3o a implanta\u00e7\u00e3o do Movimento em terras brasileiras. O Irm\u00e3o Jo\u00e3o Creff desempenhava suas fun\u00e7\u00f5es,\u2026","rel":"","context":"Em &quot;Legi\u00e3o de Maria&quot;","block_context":{"text":"Legi\u00e3o de Maria","link":"https:\/\/legiaodemaria.org.br\/index.php\/category\/quem-somos\/"},"img":{"alt_text":"","src":"https:\/\/i0.wp.com\/legiaodemaria.org.br\/wp-content\/uploads\/2022\/09\/92942b_9429d5e7d8914fe68771113a9650dec1.webp?resize=350%2C200&ssl=1","width":350,"height":200},"classes":[]},{"id":836,"url":"https:\/\/legiaodemaria.org.br\/index.php\/2016\/09\/15\/95-aniversario-da-legiao-de-maria\/","url_meta":{"origin":1856,"position":3},"title":"95\u00b0 Anivers\u00e1rio da Legi\u00e3o de Maria","author":"Alex Silva","date":"setembro 15, 2016","format":false,"excerpt":"Na quarta-feira, dia 07 de setembro, a Legi\u00e3o de Maria comemorou uma data muito especial: 95 anos da sua funda\u00e7\u00e3o no mundo e 65 no Brasil! Depois de tantos anos que Frank Duff realizou a primeira reuni\u00e3o do que se tornaria o primeiro praesidium, na Irlanda, \u00e9 com muita alegria\u2026","rel":"","context":"Em &quot;Not\u00edcias&quot;","block_context":{"text":"Not\u00edcias","link":"https:\/\/legiaodemaria.org.br\/index.php\/category\/noticias\/"},"img":{"alt_text":"","src":"https:\/\/i0.wp.com\/legiaodemaria.org.br\/wp-content\/uploads\/2022\/10\/95%C2%B0-Aniversario-da-Legiao-de-Maria-01-768x1024.webp?resize=350%2C200&ssl=1","width":350,"height":200,"srcset":"https:\/\/i0.wp.com\/legiaodemaria.org.br\/wp-content\/uploads\/2022\/10\/95%C2%B0-Aniversario-da-Legiao-de-Maria-01-768x1024.webp?resize=350%2C200&ssl=1 1x, https:\/\/i0.wp.com\/legiaodemaria.org.br\/wp-content\/uploads\/2022\/10\/95%C2%B0-Aniversario-da-Legiao-de-Maria-01-768x1024.webp?resize=525%2C300&ssl=1 1.5x, https:\/\/i0.wp.com\/legiaodemaria.org.br\/wp-content\/uploads\/2022\/10\/95%C2%B0-Aniversario-da-Legiao-de-Maria-01-768x1024.webp?resize=700%2C400&ssl=1 2x"},"classes":[]},{"id":1019,"url":"https:\/\/legiaodemaria.org.br\/index.php\/2017\/09\/19\/legiao-de-maria-96-anos-e-um-espirito-juvenil\/","url_meta":{"origin":1856,"position":4},"title":"Legi\u00e3o de Maria: 96 anos e um Esp\u00edrito Juvenil","author":"Alex Silva","date":"setembro 19, 2017","format":false,"excerpt":"A tradicional festa de anivers\u00e1rio da Legi\u00e3o de Maria aconteceu no dia 07 de setembro, com a comemora\u00e7\u00e3o dos seus 96 anos de funda\u00e7\u00e3o no mundo e 66 no Brasil. O evento lembrou Frank Duff, que fundou a associa\u00e7\u00e3o cat\u00f3lica na Irlanda. Mas tamb\u00e9m agradeceu a presen\u00e7a de Yolanda Ribeiro,\u2026","rel":"","context":"Em &quot;Not\u00edcias&quot;","block_context":{"text":"Not\u00edcias","link":"https:\/\/legiaodemaria.org.br\/index.php\/category\/noticias\/"},"img":{"alt_text":"","src":"https:\/\/i0.wp.com\/legiaodemaria.org.br\/wp-content\/uploads\/2022\/11\/013.webp?resize=350%2C200","width":350,"height":200,"srcset":"https:\/\/i0.wp.com\/legiaodemaria.org.br\/wp-content\/uploads\/2022\/11\/013.webp?resize=350%2C200 1x, https:\/\/i0.wp.com\/legiaodemaria.org.br\/wp-content\/uploads\/2022\/11\/013.webp?resize=525%2C300 1.5x, https:\/\/i0.wp.com\/legiaodemaria.org.br\/wp-content\/uploads\/2022\/11\/013.webp?resize=700%2C400 2x, https:\/\/i0.wp.com\/legiaodemaria.org.br\/wp-content\/uploads\/2022\/11\/013.webp?resize=1050%2C600 3x, https:\/\/i0.wp.com\/legiaodemaria.org.br\/wp-content\/uploads\/2022\/11\/013.webp?resize=1400%2C800 4x"},"classes":[]},{"id":1047,"url":"https:\/\/legiaodemaria.org.br\/index.php\/2018\/04\/24\/acies-a-festa-da-legiao-de-maria\/","url_meta":{"origin":1856,"position":5},"title":"Acies &#8211; A festa da Legi\u00e3o de Maria","author":"Alex Silva","date":"abril 24, 2018","format":false,"excerpt":"UMA CONSAGRA\u00c7\u00c3O A NOSSA SENHORA EM F\u00c1TIMA \u201cConsagro a v\u00f3s meus olhos, meus ouvidos, minha boca. Tudo o que sou, desejo que a v\u00f3s perten\u00e7a. Incompar\u00e1vel m\u00e3e, guardai-me e defendei-me. Como filho e propriedade vossa, Am\u00e9m\u201d. Esse trecho do c\u00e2ntico \u00e9 a ess\u00eancia da Festa da Acies, o momento de\u2026","rel":"","context":"Em &quot;Not\u00edcias&quot;","block_context":{"text":"Not\u00edcias","link":"https:\/\/legiaodemaria.org.br\/index.php\/category\/noticias\/"},"img":{"alt_text":"","src":"https:\/\/i0.wp.com\/legiaodemaria.org.br\/wp-content\/uploads\/2022\/11\/001.webp?resize=350%2C200","width":350,"height":200,"srcset":"https:\/\/i0.wp.com\/legiaodemaria.org.br\/wp-content\/uploads\/2022\/11\/001.webp?resize=350%2C200 1x, https:\/\/i0.wp.com\/legiaodemaria.org.br\/wp-content\/uploads\/2022\/11\/001.webp?resize=525%2C300 1.5x, https:\/\/i0.wp.com\/legiaodemaria.org.br\/wp-content\/uploads\/2022\/11\/001.webp?resize=700%2C400 2x, https:\/\/i0.wp.com\/legiaodemaria.org.br\/wp-content\/uploads\/2022\/11\/001.webp?resize=1050%2C600 3x, https:\/\/i0.wp.com\/legiaodemaria.org.br\/wp-content\/uploads\/2022\/11\/001.webp?resize=1400%2C800 4x"},"classes":[]}],"jetpack_sharing_enabled":true,"jetpack_shortlink":"https:\/\/wp.me\/pehtMR-tW","_links":{"self":[{"href":"https:\/\/legiaodemaria.org.br\/index.php\/wp-json\/wp\/v2\/posts\/1856","targetHints":{"allow":["GET"]}}],"collection":[{"href":"https:\/\/legiaodemaria.org.br\/index.php\/wp-json\/wp\/v2\/posts"}],"about":[{"href":"https:\/\/legiaodemaria.org.br\/index.php\/wp-json\/wp\/v2\/types\/post"}],"author":[{"embeddable":true,"href":"https:\/\/legiaodemaria.org.br\/index.php\/wp-json\/wp\/v2\/users\/3"}],"replies":[{"embeddable":true,"href":"https:\/\/legiaodemaria.org.br\/index.php\/wp-json\/wp\/v2\/comments?post=1856"}],"version-history":[{"count":1,"href":"https:\/\/legiaodemaria.org.br\/index.php\/wp-json\/wp\/v2\/posts\/1856\/revisions"}],"predecessor-version":[{"id":1857,"href":"https:\/\/legiaodemaria.org.br\/index.php\/wp-json\/wp\/v2\/posts\/1856\/revisions\/1857"}],"wp:attachment":[{"href":"https:\/\/legiaodemaria.org.br\/index.php\/wp-json\/wp\/v2\/media?parent=1856"}],"wp:term":[{"taxonomy":"category","embeddable":true,"href":"https:\/\/legiaodemaria.org.br\/index.php\/wp-json\/wp\/v2\/categories?post=1856"},{"taxonomy":"post_tag","embeddable":true,"href":"https:\/\/legiaodemaria.org.br\/index.php\/wp-json\/wp\/v2\/tags?post=1856"}],"curies":[{"name":"wp","href":"https:\/\/api.w.org\/{rel}","templated":true}]}}